{"id":55134,"date":"2024-11-01T14:08:51","date_gmt":"2024-11-01T13:08:51","guid":{"rendered":"https:\/\/casaatlantica.es\/o-senor-das-olas\/"},"modified":"2025-07-31T18:04:01","modified_gmt":"2025-07-31T16:04:01","slug":"o-senor-das-olas","status":"publish","type":"post","link":"https:\/\/casaatlantica.es\/fr\/o-senor-das-olas\/","title":{"rendered":"O se\u00f1or das olas"},"content":{"rendered":"<div class=\"wpb-content-wrapper\"><p>[vc_section][vc_row el_class=\u00a0\u00bbmarginblog\u00a0\u00bb][vc_column width=\u00a0\u00bb1\/12&Prime;][\/vc_column][vc_column width=\u00a0\u00bb5\/6&Prime;][vc_column_text css=\u00a0\u00bb\u00a0\u00bb]<\/p>\n<h1 class=\"hblog\" style=\"text-align: center;\">O se\u00f1or das olas<\/h1>\n<p>[\/vc_column_text][vc_column_text css=\u00a0\u00bb\u00a0\u00bb]<\/p>\n<h3 class=\"hblog\" style=\"text-align: center;\">Homenaje al gran Luciano Garc\u00eda-Al\u00e9n.<\/h3>\n<p>[\/vc_column_text][\/vc_column][vc_column width=\u00a0\u00bb1\/12&Prime;][\/vc_column][\/vc_row][\/vc_section][vc_section][vc_row content_placement=\u00a0\u00bbmiddle\u00a0\u00bb][vc_column width=\u00a0\u00bb5\/12&Prime;][vc_single_image image=\u00a0\u00bb42855&Prime; img_size=\u00a0\u00bbfull\u00a0\u00bb css=\u00a0\u00bb.vc_custom_1732632828753{margin-bottom: 24px !important;}\u00a0\u00bb][vc_column_text css=\u00a0\u00bb\u00a0\u00bb]<\/p>\n<p class=\"textsmall\">(Foto de G\u00f3mez Vilas\u00f3)<\/p>\n<p>[\/vc_column_text][\/vc_column][vc_column width=\u00a0\u00bb1\/12&Prime;][\/vc_column][vc_column width=\u00a0\u00bb1\/2&Prime; offset=\u00a0\u00bbvc_col-lg-5 vc_col-md-5&Prime;][vc_column_text css=\u00a0\u00bb\u00a0\u00bb]<\/p>\n<p class=\"textbig\">Todos tenemos un libro favorito y nosotros nos podemos pasar horas mirando el libro de La Alfarer\u00eda de Galicia publicado en 1983 y del gran Luciano Garc\u00eda-Al\u00e9n. Para los que no lo conozc\u00e1is, fue un m\u00e9dico apasionado por la alfarer\u00eda tradicional gallega que en los a\u00f1os 70 y 80 emprendi\u00f3 un viaje por toda Galicia para investigar el trabajo de campesinos y alfareros an\u00f3nimos. El libro fue reeditado en el 2008 por la fundaci\u00f3n Barri\u00e9.<\/p>\n<p>[\/vc_column_text][\/vc_column][vc_column width=\u00a0\u00bb1\/12&Prime; offset=\u00a0\u00bbvc_hidden-sm vc_hidden-xs\u00a0\u00bb][\/vc_column][\/vc_row][\/vc_section][vc_section][vc_row content_placement=\u00a0\u00bbmiddle\u00a0\u00bb][vc_column width=\u00a0\u00bb1\/12&Prime; offset=\u00a0\u00bbvc_hidden-sm vc_hidden-xs\u00a0\u00bb][\/vc_column][vc_column width=\u00a0\u00bb1\/2&Prime; offset=\u00a0\u00bbvc_col-lg-5 vc_col-md-5 vc_hidden-xs\u00a0\u00bb][vc_column_text css=\u00a0\u00bb\u00a0\u00bb]<\/p>\n<p class=\"textbig\">Su libro, se ha convertido en la piedra roseta de las investigaciones de la alfarer\u00eda tradicional gallega que \u00e9l quer\u00eda preservar y revalorizar. Fue un pionero en valorar los artesanos an\u00f3nimos y gracias a su trabajo tenemos documentada gran parte de la historia alfarera y los centros cer\u00e1micos, que hoy en d\u00eda ya no existen o est\u00e1n en peligro de desaparecer.<\/p>\n<p>[\/vc_column_text][\/vc_column][vc_column width=\u00a0\u00bb1\/12&Prime;][\/vc_column][vc_column width=\u00a0\u00bb5\/12&Prime; offset=\u00a0\u00bbvc_hidden-xs\u00a0\u00bb][vc_single_image image=\u00a0\u00bb42858&Prime; img_size=\u00a0\u00bbfull\u00a0\u00bb css=\u00a0\u00bb.vc_custom_1732632895551{margin-bottom: 24px !important;}\u00a0\u00bb][vc_column_text css=\u00a0\u00bb\u00a0\u00bb]<\/p>\n<p class=\"textsmall\">(Foto de G\u00f3mez Vilas\u00f3)<\/p>\n<p>[\/vc_column_text][\/vc_column][\/vc_row][vc_row][vc_column offset=\u00a0\u00bbvc_hidden-lg vc_hidden-md vc_hidden-sm\u00a0\u00bb][vc_single_image image=\u00a0\u00bb42858&Prime; img_size=\u00a0\u00bbfull\u00a0\u00bb css=\u00a0\u00bb.vc_custom_1732632895551{margin-bottom: 24px !important;}\u00a0\u00bb][vc_column_text css=\u00a0\u00bb\u00a0\u00bb]<\/p>\n<p class=\"textsmall\">(Foto de G\u00f3mez Vilas\u00f3)<\/p>\n<p>[\/vc_column_text][vc_column_text css=\u00a0\u00bb\u00a0\u00bb]<\/p>\n<p class=\"textbig\">Su libro, se ha convertido en la piedra roseta de las investigaciones de la alfarer\u00eda tradicional gallega que \u00e9l quer\u00eda preservar y revalorizar. Fue un pionero en valorar los artesanos an\u00f3nimos y gracias a su trabajo tenemos documentada gran parte de la historia alfarera y los centros cer\u00e1micos, que hoy en d\u00eda ya no existen o est\u00e1n en peligro de desaparecer.<\/p>\n<p>[\/vc_column_text][\/vc_column][\/vc_row][\/vc_section][vc_section][vc_row content_placement=\u00a0\u00bbmiddle\u00a0\u00bb][vc_column width=\u00a0\u00bb5\/12&Prime;][vc_single_image image=\u00a0\u00bb42864&Prime; img_size=\u00a0\u00bbfull\u00a0\u00bb css=\u00a0\u00bb.vc_custom_1732632975989{margin-bottom: 24px !important;}\u00a0\u00bb][\/vc_column][vc_column width=\u00a0\u00bb1\/12&Prime;][\/vc_column][vc_column width=\u00a0\u00bb1\/2&Prime; offset=\u00a0\u00bbvc_col-lg-5 vc_col-md-5&Prime;][vc_column_text css=\u00a0\u00bb\u00a0\u00bb]<\/p>\n<p class=\"textbig\">Desde Casa Atl\u00e2ntica, creemos que el mejor homenaje que le podemos hacer a Luciano Garc\u00eda-Al\u00e9n es usar el conocimiento que nos leg\u00f3 y seguir apoyando y poniendo en valor los alfareros gallegos y toda su rica historia. Esto ha sido la semilla de un proyecto que llevamos mucho tiempo cocinando y que esperamos ense\u00f1aros muy pronto\u2026<\/p>\n<p>[\/vc_column_text][\/vc_column][vc_column width=\u00a0\u00bb1\/12&Prime; offset=\u00a0\u00bbvc_hidden-sm vc_hidden-xs\u00a0\u00bb][\/vc_column][\/vc_row][\/vc_section]<\/p>\n<\/div>","protected":false},"excerpt":{"rendered":"<p>Poterie galicienne, Luciano Garc\u00eda-Al\u00e9n et son h\u00e9ritage.<\/p>\n","protected":false},"author":1,"featured_media":42848,"comment_status":"closed","ping_status":"closed","sticky":false,"template":"","format":"standard","meta":{"_acf_changed":false,"_jetpack_memberships_contains_paid_content":false,"footnotes":""},"categories":[],"tags":[],"class_list":["post-55134","post","type-post","status-publish","format-standard","has-post-thumbnail","hentry","description-off"],"acf":[],"jetpack_featured_media_url":"https:\/\/casaatlantica.es\/wp-content\/uploads\/2024\/11\/senor-olas-1.jpg","jetpack_sharing_enabled":true,"_links":{"self":[{"href":"https:\/\/casaatlantica.es\/fr\/wp-json\/wp\/v2\/posts\/55134","targetHints":{"allow":["GET"]}}],"collection":[{"href":"https:\/\/casaatlantica.es\/fr\/wp-json\/wp\/v2\/posts"}],"about":[{"href":"https:\/\/casaatlantica.es\/fr\/wp-json\/wp\/v2\/types\/post"}],"author":[{"embeddable":true,"href":"https:\/\/casaatlantica.es\/fr\/wp-json\/wp\/v2\/users\/1"}],"replies":[{"embeddable":true,"href":"https:\/\/casaatlantica.es\/fr\/wp-json\/wp\/v2\/comments?post=55134"}],"version-history":[{"count":3,"href":"https:\/\/casaatlantica.es\/fr\/wp-json\/wp\/v2\/posts\/55134\/revisions"}],"predecessor-version":[{"id":138235,"href":"https:\/\/casaatlantica.es\/fr\/wp-json\/wp\/v2\/posts\/55134\/revisions\/138235"}],"wp:featuredmedia":[{"embeddable":true,"href":"https:\/\/casaatlantica.es\/fr\/wp-json\/wp\/v2\/media\/42848"}],"wp:attachment":[{"href":"https:\/\/casaatlantica.es\/fr\/wp-json\/wp\/v2\/media?parent=55134"}],"wp:term":[{"taxonomy":"category","embeddable":true,"href":"https:\/\/casaatlantica.es\/fr\/wp-json\/wp\/v2\/categories?post=55134"},{"taxonomy":"post_tag","embeddable":true,"href":"https:\/\/casaatlantica.es\/fr\/wp-json\/wp\/v2\/tags?post=55134"}],"curies":[{"name":"wp","href":"https:\/\/api.w.org\/{rel}","templated":true}]}}